{"id":933,"date":"2025-06-04T20:00:35","date_gmt":"2025-06-04T20:00:35","guid":{"rendered":"https:\/\/ebsmelgaco.com\/wpebs1\/?p=933"},"modified":"2025-06-04T23:12:34","modified_gmt":"2025-06-04T23:12:34","slug":"calca-me-um-conto","status":"publish","type":"post","link":"https:\/\/ebsmelgaco.com\/wpebs1\/2025\/06\/04\/calca-me-um-conto\/","title":{"rendered":"Cal\u00e7a-me um conto"},"content":{"rendered":"\n<p style=\"text-align: justify;\">Ap\u00f3s ouvirem as hist\u00f3rias <em><strong>O Jo\u00e3o e a andorinha s\u00e1bia<\/strong><\/em>, de Ilda Gon\u00e7alves e <em><strong>Pedro Alecrim<\/strong><\/em>, de Ant\u00f3nio Mota, os alunos das turmas do 6.\u00ba ano, nas aulas de Literacias, inspiraram-se para recriar partes destas obras incr\u00edveis! <br \/>Com esta atividade: \u201c<strong>Cal\u00e7a-me um conto \u2013 O Jo\u00e3o e a andorinha s\u00e1bia<\/strong>\u201d e \u201c<strong>Cal\u00e7a-me um conto \u2013 Pedro Alecrim<\/strong>\u201d, pretendeu-se promover o gosto pela leitura e estimular a criatividade, a express\u00e3o individual e o trabalho em equipa. Assim como, reconhecer a import\u00e2ncia e a utilidade dos livros e incentivar aos bons h\u00e1bitos de leitura, porque quem abre um livro descobre um mundo!<br \/>Os alunos foram inspirados a utilizarem materiais recicl\u00e1veis e outros elementos, tendo como objetivo construir uma \u201cmoldura\u201d que representa algumas partes das obras lidas. Cada detalhe reflete o esp\u00edrito dos grupos, mostrando o talento e a criatividade de todos. <br \/>Os trabalhos ficaram maravilhosos e foram expostos na Feira do Livro. Toda a Comunidade Escolar foi presenteada com cria\u00e7\u00f5es verdadeiramente fant\u00e1sticas!<\/p>\n\n\n\n<figure class=\"wp-block-image aligncenter size-full is-resized\"><a href=\"https:\/\/aemelgaco-my.sharepoint.com\/:v:\/g\/personal\/f268_ebsmelgaco_com\/EYeiCXMLUSVOscryJaOfmhIB7pTp9gRpm12EC16nF6vWaQ?nav=eyJyZWZlcnJhbEluZm8iOnsicmVmZXJyYWxBcHAiOiJTdHJlYW1XZWJBcHAiLCJyZWZlcnJhbFZpZXciOiJTaGFyZURpYWxvZy1MaW5rIiwicmVmZXJyYWxBcHBQbGF0Zm9ybSI6IldlYiIsInJlZmVycmFsTW9kZSI6InZpZXcifX0%3D&amp;e=wdHGUZ\" target=\"_blank\" rel=\" noreferrer noopener\"><img loading=\"lazy\" decoding=\"async\" width=\"748\" height=\"468\" src=\"https:\/\/ebsmelgaco.com\/wpebs1\/wp-content\/uploads\/Conto_748x468a.png\" alt=\"\" class=\"wp-image-934\" style=\"width:287px;height:auto\" srcset=\"https:\/\/ebsmelgaco.com\/wpebs1\/wp-content\/uploads\/Conto_748x468a.png 748w, https:\/\/ebsmelgaco.com\/wpebs1\/wp-content\/uploads\/Conto_748x468a-300x188.png 300w\" sizes=\"auto, (max-width: 748px) 100vw, 748px\" \/><\/a><\/figure>\n\n\n\n<p class=\"has-text-align-left\">As docentes respons\u00e1veis:<br>Maria Lu\u00edsa Lopes<br>Rossana Rodrigues<\/p>\n\n\n\n<figure class=\"wp-block-video\"><video height=\"478\" style=\"aspect-ratio: 848 \/ 478;\" width=\"848\" controls src=\"https:\/\/ebsmelgaco.com\/wpebs1\/wp-content\/uploads\/a36b5eeb-1f21-4ba9-9e04-a50265b9d9c4.mp4\"><\/video><\/figure>\n","protected":false},"excerpt":{"rendered":"<p>Ap\u00f3s ouvirem as hist\u00f3rias O Jo\u00e3o e a andorinha s\u00e1bia, de Ilda Gon\u00e7alves e Pedro Alecrim, de Ant\u00f3nio Mota, os alunos das turmas do 6.\u00ba ano, nas aulas de Literacias, inspiraram-se para recriar partes destas obras incr\u00edveis! Com esta atividade: \u201cCal\u00e7a-me um conto \u2013 O Jo\u00e3o e a andorinha s\u00e1bia\u201d e \u201cCal\u00e7a-me um conto \u2013 [&hellip;]<\/p>\n","protected":false},"author":1,"featured_media":935,"comment_status":"open","ping_status":"open","sticky":false,"template":"","format":"standard","meta":{"footnotes":""},"categories":[7],"tags":[],"class_list":["post-933","post","type-post","status-publish","format-standard","has-post-thumbnail","hentry","category-publicacoes"],"_links":{"self":[{"href":"https:\/\/ebsmelgaco.com\/wpebs1\/wp-json\/wp\/v2\/posts\/933","targetHints":{"allow":["GET"]}}],"collection":[{"href":"https:\/\/ebsmelgaco.com\/wpebs1\/wp-json\/wp\/v2\/posts"}],"about":[{"href":"https:\/\/ebsmelgaco.com\/wpebs1\/wp-json\/wp\/v2\/types\/post"}],"author":[{"embeddable":true,"href":"https:\/\/ebsmelgaco.com\/wpebs1\/wp-json\/wp\/v2\/users\/1"}],"replies":[{"embeddable":true,"href":"https:\/\/ebsmelgaco.com\/wpebs1\/wp-json\/wp\/v2\/comments?post=933"}],"version-history":[{"count":14,"href":"https:\/\/ebsmelgaco.com\/wpebs1\/wp-json\/wp\/v2\/posts\/933\/revisions"}],"predecessor-version":[{"id":953,"href":"https:\/\/ebsmelgaco.com\/wpebs1\/wp-json\/wp\/v2\/posts\/933\/revisions\/953"}],"wp:featuredmedia":[{"embeddable":true,"href":"https:\/\/ebsmelgaco.com\/wpebs1\/wp-json\/wp\/v2\/media\/935"}],"wp:attachment":[{"href":"https:\/\/ebsmelgaco.com\/wpebs1\/wp-json\/wp\/v2\/media?parent=933"}],"wp:term":[{"taxonomy":"category","embeddable":true,"href":"https:\/\/ebsmelgaco.com\/wpebs1\/wp-json\/wp\/v2\/categories?post=933"},{"taxonomy":"post_tag","embeddable":true,"href":"https:\/\/ebsmelgaco.com\/wpebs1\/wp-json\/wp\/v2\/tags?post=933"}],"curies":[{"name":"wp","href":"https:\/\/api.w.org\/{rel}","templated":true}]}}