{"id":470,"date":"2025-04-17T18:46:38","date_gmt":"2025-04-17T18:46:38","guid":{"rendered":"https:\/\/ebsmelgaco.com\/wpebs1\/?p=470"},"modified":"2025-04-17T18:46:38","modified_gmt":"2025-04-17T18:46:38","slug":"bolsas-de-merito-ensino-secundario-2024-2025","status":"publish","type":"post","link":"https:\/\/ebsmelgaco.com\/wpebs1\/2025\/04\/17\/bolsas-de-merito-ensino-secundario-2024-2025\/","title":{"rendered":"Bolsas de M\u00e9rito &#8211; Ensino Secund\u00e1rio 2024\/2025"},"content":{"rendered":"\n<p>As Bolsas de M\u00e9rito para o Ensino Secund\u00e1rio s\u00e3o atribu\u00eddas a alunos\/as que respeitem cumulativamente as seguintes condi\u00e7\u00f5es:<br \/>\u2022 Serem benefici\u00e1rios do Escal\u00e3o 1 ou 2 do Abono de Fam\u00edlia da Seguran\u00e7a Social;<br \/>\u2022 Ter conclu\u00eddo o 9\u00ba ano de escolaridade com m\u00e9dia igual ou superior a 4, arredondada \u00e0s unidades;<br \/>\u2022 Ter conclu\u00eddo o 10\u00ba ano ou o 11\u00ba ano de escolaridade do Ensino Regular com m\u00e9dia igual ou superior a 14, arredondada \u00e0s unidades, a todas as disciplinas do curr\u00edculo;<br \/>\u2022 Ter conclu\u00eddo o 1\u00ba ano ou o 2\u00ba ano dos Cursos Profissionais com m\u00e9dia igual ou superior a 14, arredondada \u00e0s unidades, concluindo com sucesso todos os m\u00f3dulos das disciplinas do curr\u00edculo previstas para esse ano de escolaridade;<\/p>\n<p>Regras para c\u00e1lculo da m\u00e9dia<br \/>\u2022 A classifica\u00e7\u00e3o a considerar para atribui\u00e7\u00e3o de Bolsa de M\u00e9rito do Ensino Secund\u00e1rio \u00e9 a classifica\u00e7\u00e3o final da disciplina.<br \/>\u2022 Na f\u00f3rmula do c\u00e1lculo da m\u00e9dia das notas de atribui\u00e7\u00e3o de Bolsa de M\u00e9rito do Ensino Secund\u00e1rio, deve utilizar-se a avalia\u00e7\u00e3o de todas as disciplinas, com exce\u00e7\u00e3o de EMRC<\/p>\n<p>Prazo de Candidatura<br \/>\u2022 Ap\u00f3s a afixa\u00e7\u00e3o das classifica\u00e7\u00f5es finais e at\u00e9 ao dia 30 de setembro de 2024.<\/p>\n<p>Documentos a apresentar<br \/>O Boletim de Candidatura, est\u00e1 dispon\u00edvel em formato digital no site do Agrupamento, ou pode ser levantado na secretaria da Escola.<br \/>As candidaturas podem ser enviadas para os Servi\u00e7os Administrativos atrav\u00e9s do correio eletr\u00f3nico s720@ebsmelgaco.com<\/p>\n","protected":false},"excerpt":{"rendered":"<p>As Bolsas de M\u00e9rito para o Ensino Secund\u00e1rio s\u00e3o atribu\u00eddas a alunos\/as que respeitem cumulativamente as seguintes condi\u00e7\u00f5es:\u2022 Serem benefici\u00e1rios do Escal\u00e3o 1 ou 2 do Abono de Fam\u00edlia da Seguran\u00e7a Social;\u2022 Ter conclu\u00eddo o 9\u00ba ano de escolaridade com m\u00e9dia igual ou superior a 4, arredondada \u00e0s unidades;\u2022 Ter conclu\u00eddo o 10\u00ba ano ou [&hellip;]<\/p>\n","protected":false},"author":1,"featured_media":0,"comment_status":"open","ping_status":"open","sticky":false,"template":"","format":"standard","meta":{"footnotes":""},"categories":[5],"tags":[],"class_list":["post-470","post","type-post","status-publish","format-standard","hentry","category-atividade-recente"],"_links":{"self":[{"href":"https:\/\/ebsmelgaco.com\/wpebs1\/wp-json\/wp\/v2\/posts\/470","targetHints":{"allow":["GET"]}}],"collection":[{"href":"https:\/\/ebsmelgaco.com\/wpebs1\/wp-json\/wp\/v2\/posts"}],"about":[{"href":"https:\/\/ebsmelgaco.com\/wpebs1\/wp-json\/wp\/v2\/types\/post"}],"author":[{"embeddable":true,"href":"https:\/\/ebsmelgaco.com\/wpebs1\/wp-json\/wp\/v2\/users\/1"}],"replies":[{"embeddable":true,"href":"https:\/\/ebsmelgaco.com\/wpebs1\/wp-json\/wp\/v2\/comments?post=470"}],"version-history":[{"count":1,"href":"https:\/\/ebsmelgaco.com\/wpebs1\/wp-json\/wp\/v2\/posts\/470\/revisions"}],"predecessor-version":[{"id":471,"href":"https:\/\/ebsmelgaco.com\/wpebs1\/wp-json\/wp\/v2\/posts\/470\/revisions\/471"}],"wp:attachment":[{"href":"https:\/\/ebsmelgaco.com\/wpebs1\/wp-json\/wp\/v2\/media?parent=470"}],"wp:term":[{"taxonomy":"category","embeddable":true,"href":"https:\/\/ebsmelgaco.com\/wpebs1\/wp-json\/wp\/v2\/categories?post=470"},{"taxonomy":"post_tag","embeddable":true,"href":"https:\/\/ebsmelgaco.com\/wpebs1\/wp-json\/wp\/v2\/tags?post=470"}],"curies":[{"name":"wp","href":"https:\/\/api.w.org\/{rel}","templated":true}]}}