{"id":1806,"date":"2025-08-01T15:25:27","date_gmt":"2025-08-01T15:25:27","guid":{"rendered":"https:\/\/ebsmelgaco.com\/wpebs1\/?p=1806"},"modified":"2025-08-06T15:36:46","modified_gmt":"2025-08-06T15:36:46","slug":"horario-dos-servicos-administrativos-durante-o-mes-de-agosto","status":"publish","type":"post","link":"https:\/\/ebsmelgaco.com\/wpebs1\/2025\/08\/01\/horario-dos-servicos-administrativos-durante-o-mes-de-agosto\/","title":{"rendered":"Hor\u00e1rio dos Servi\u00e7os Administrativos durante o m\u00eas de agosto"},"content":{"rendered":"\n<p>Informa-se toda a comunidade que, durante o m\u00eas de agosto, o hor\u00e1rio dos Servi\u00e7os Administrativos \u00e9 o seguinte:<br \/>Segunda a sexta:<br \/>\u00a0 \u00a0 \u00a009:00 \u2013 12:30<br \/>\u00a0 \u00a0 \u00a014:00 \u2013 17:30<\/p>\n\n\n\n<p class=\"has-tertiary-background-color has-background\">\u00bb  <a href=\"https:\/\/ebsmelgaco.com\/wpebs1\/wp-content\/uploads\/horarioagosto2025.pdf\">Hor\u00e1rio dos Servi\u00e7os Administrativos &#8211; Aviso<\/a><\/p>\n","protected":false},"excerpt":{"rendered":"<p>Informa-se toda a comunidade que, durante o m\u00eas de agosto, o hor\u00e1rio dos Servi\u00e7os Administrativos \u00e9 o seguinte:Segunda a sexta:\u00a0 \u00a0 \u00a009:00 \u2013 12:30\u00a0 \u00a0 \u00a014:00 \u2013 17:30 \u00bb Hor\u00e1rio dos Servi\u00e7os Administrativos &#8211; Aviso<\/p>\n","protected":false},"author":1,"featured_media":0,"comment_status":"open","ping_status":"open","sticky":false,"template":"","format":"standard","meta":{"footnotes":""},"categories":[5],"tags":[],"class_list":["post-1806","post","type-post","status-publish","format-standard","hentry","category-atividade-recente"],"_links":{"self":[{"href":"https:\/\/ebsmelgaco.com\/wpebs1\/wp-json\/wp\/v2\/posts\/1806","targetHints":{"allow":["GET"]}}],"collection":[{"href":"https:\/\/ebsmelgaco.com\/wpebs1\/wp-json\/wp\/v2\/posts"}],"about":[{"href":"https:\/\/ebsmelgaco.com\/wpebs1\/wp-json\/wp\/v2\/types\/post"}],"author":[{"embeddable":true,"href":"https:\/\/ebsmelgaco.com\/wpebs1\/wp-json\/wp\/v2\/users\/1"}],"replies":[{"embeddable":true,"href":"https:\/\/ebsmelgaco.com\/wpebs1\/wp-json\/wp\/v2\/comments?post=1806"}],"version-history":[{"count":1,"href":"https:\/\/ebsmelgaco.com\/wpebs1\/wp-json\/wp\/v2\/posts\/1806\/revisions"}],"predecessor-version":[{"id":1808,"href":"https:\/\/ebsmelgaco.com\/wpebs1\/wp-json\/wp\/v2\/posts\/1806\/revisions\/1808"}],"wp:attachment":[{"href":"https:\/\/ebsmelgaco.com\/wpebs1\/wp-json\/wp\/v2\/media?parent=1806"}],"wp:term":[{"taxonomy":"category","embeddable":true,"href":"https:\/\/ebsmelgaco.com\/wpebs1\/wp-json\/wp\/v2\/categories?post=1806"},{"taxonomy":"post_tag","embeddable":true,"href":"https:\/\/ebsmelgaco.com\/wpebs1\/wp-json\/wp\/v2\/tags?post=1806"}],"curies":[{"name":"wp","href":"https:\/\/api.w.org\/{rel}","templated":true}]}}