{"id":1803,"date":"2025-08-06T15:25:12","date_gmt":"2025-08-06T15:25:12","guid":{"rendered":"https:\/\/ebsmelgaco.com\/wpebs1\/?p=1803"},"modified":"2025-08-17T13:08:02","modified_gmt":"2025-08-17T13:08:02","slug":"encerramento-das-escolas-do-agrupamento-de-11-a-16-de-agosto","status":"publish","type":"post","link":"https:\/\/ebsmelgaco.com\/wpebs1\/2025\/08\/06\/encerramento-das-escolas-do-agrupamento-de-11-a-16-de-agosto\/","title":{"rendered":"Encerramento das Escolas do Agrupamento de 11 a 15 de agosto"},"content":{"rendered":"\n<p>Avisam-se todos os interessados que, de acordo com o despacho n.\u00ba 1\/2024 do Sr. Ministro da Educa\u00e7\u00e3o, Ci\u00eancia e Inova\u00e7\u00e3o, as escolas deste agrupamento v\u00e3o estar encerradas no per\u00edodo de 11 a 15 de agosto de 2025.<\/p>\n\n\n\n<p class=\"has-tertiary-background-color has-background\">\u00bb  <a href=\"https:\/\/ebsmelgaco.com\/wpebs1\/wp-content\/uploads\/escolaencerrada2025.pdf\">Encerramento das escolas do agrupamento &#8211; Aviso<\/a><\/p>\n","protected":false},"excerpt":{"rendered":"<p>Avisam-se todos os interessados que, de acordo com o despacho n.\u00ba 1\/2024 do Sr. Ministro da Educa\u00e7\u00e3o, Ci\u00eancia e Inova\u00e7\u00e3o, as escolas deste agrupamento v\u00e3o estar encerradas no per\u00edodo de 11 a 15 de agosto de 2025. \u00bb Encerramento das escolas do agrupamento &#8211; Aviso<\/p>\n","protected":false},"author":1,"featured_media":0,"comment_status":"open","ping_status":"open","sticky":false,"template":"","format":"standard","meta":{"footnotes":""},"categories":[5],"tags":[],"class_list":["post-1803","post","type-post","status-publish","format-standard","hentry","category-atividade-recente"],"_links":{"self":[{"href":"https:\/\/ebsmelgaco.com\/wpebs1\/wp-json\/wp\/v2\/posts\/1803","targetHints":{"allow":["GET"]}}],"collection":[{"href":"https:\/\/ebsmelgaco.com\/wpebs1\/wp-json\/wp\/v2\/posts"}],"about":[{"href":"https:\/\/ebsmelgaco.com\/wpebs1\/wp-json\/wp\/v2\/types\/post"}],"author":[{"embeddable":true,"href":"https:\/\/ebsmelgaco.com\/wpebs1\/wp-json\/wp\/v2\/users\/1"}],"replies":[{"embeddable":true,"href":"https:\/\/ebsmelgaco.com\/wpebs1\/wp-json\/wp\/v2\/comments?post=1803"}],"version-history":[{"count":3,"href":"https:\/\/ebsmelgaco.com\/wpebs1\/wp-json\/wp\/v2\/posts\/1803\/revisions"}],"predecessor-version":[{"id":1812,"href":"https:\/\/ebsmelgaco.com\/wpebs1\/wp-json\/wp\/v2\/posts\/1803\/revisions\/1812"}],"wp:attachment":[{"href":"https:\/\/ebsmelgaco.com\/wpebs1\/wp-json\/wp\/v2\/media?parent=1803"}],"wp:term":[{"taxonomy":"category","embeddable":true,"href":"https:\/\/ebsmelgaco.com\/wpebs1\/wp-json\/wp\/v2\/categories?post=1803"},{"taxonomy":"post_tag","embeddable":true,"href":"https:\/\/ebsmelgaco.com\/wpebs1\/wp-json\/wp\/v2\/tags?post=1803"}],"curies":[{"name":"wp","href":"https:\/\/api.w.org\/{rel}","templated":true}]}}